{"id":4177,"date":"2018-08-10T16:33:30","date_gmt":"2018-08-10T14:33:30","guid":{"rendered":"http:\/\/wegielek.com.pl?p=4177"},"modified":"2018-08-07T05:25:05","modified_gmt":"2018-08-07T03:25:05","slug":"architekt_projektant_wnetrz_kepa_oborska","status":"publish","type":"post","link":"https:\/\/wegielek.com.pl\/en\/zasieg\/architekt_projektant_wnetrz_kepa_oborska\/","title":{"rendered":"Architekt projektant wn\u0119trz K\u0119pa Oborska"},"content":{"rendered":"<h2>Marzysz o wyj\u0105tkowym i klimatycznym mieszkaniu?<\/h2>\n<p> Architekci z pracowni projektowania wn\u0119trz W\u0119gielek s\u0105 w stanie spe\u0142ni\u0107 to marzenie. Architektura i aran\u017cacja wn\u0119trz s\u0105 tym, co kochamy. Kompleksowo zajmujemy si\u0119 projektowaniem, wystrojem i wyko\u0144czeniem wn\u0119trz. Podejmujemy si\u0119 pracy zar\u00f3wno nad ma\u0142ymi, jak i wielkimi obiektami, we wsi K\u0119pa Oborska i okolicach. Mo\u017cemy r\u00f3wnie\u017c wykona\u0107 projekt lub aran\u017cacj\u0119 osobnego pokoju \u2013 na przyk\u0142ad kuchni, \u0142azienki, salonu lub biura. Proponujemy te\u017c us\u0142ug\u0119 zaj\u0119cia si\u0119 konkretnym elementem mieszkania &#8211; mi\u0119dzy innymi zaprojektowanie instalacji wodno-kanalizacyjnej lub o\u015bwietlenia. <\/p>\n<p> Wn\u0119trza, kt\u00f3re projektujemy s\u0105 unikalne, poniewa\u017c do ka\u017cdego naszego klienta podchodzimy indywidualnie, kieruj\u0105c si\u0119 jego upodobaniami oraz potencja\u0142em przestrzeni. Nasze projekty architektoniczne s\u0105 dobrze przemy\u015blane, dlatego urz\u0105dzone przez nas pomieszczenia s\u0105 zar\u00f3wno pi\u0119kne, jak i bardzo praktyczne. Dbamy o to, aby tworzone przez nas wn\u0119trza by\u0142y ponadczasowe, czyli \u015bwietnie wygl\u0105daj\u0105ce, niezale\u017cnie od zmieniaj\u0105cych si\u0119 trend\u00f3w. <\/p>\n<p> Zrealizowane przez nas zlecenia obejmowa\u0142y zar\u00f3wno kawalerki, domy jednorodzinne, jak i du\u017ce wille oraz rezydencje. Architekt wn\u0119trz K\u0119pa Oborska <a href=\"https:\/\/wegielek.com.pl\/\">https:\/\/wegielek.com.pl\/<\/a><\/p>\n<p> Nasze projekty i dzia\u0142ania s\u0105 w stanie sprawi\u0107, \u017ce ka\u017cde wn\u0119trze stanie si\u0119 miejscem, w kt\u00f3rym b\u0119dzie si\u0119 chcia\u0142o przebywa\u0107. W zale\u017cno\u015bci od potrzeb, mo\u017cemy nada\u0107 wn\u0119trzu odpowiedni charakter, aby prezentowa\u0142o si\u0119 na przyk\u0142ad jako miejsce rozrywki lub oaza spokoju. Dzi\u0119ki artystycznemu spojrzeniu oraz wiedzy o oddzia\u0142ywaniu kolor\u00f3w i ergonomii, nasze aran\u017cacje \u0142\u0105cz\u0105 w sobie walory estetyczne z u\u017cytkowymi.<\/p>\n<h2> Dlaczego warto zdecydowa\u0107 si\u0119 na nas?<\/h2>\n<p> Projektanci wn\u0119trz z firmy W\u0119gielek to absolwenci Akademii Sztuk Pi\u0119knych i osoby o du\u017cej wiedzy, do\u015bwiadczeniu oraz otwarto\u015bci na klienta i jego potrzeby. Studio architektoniczne dzia\u0142a ju\u017c od ponad 10 lat \u2013 powstali\u015bmy w 2007 roku. Mo\u017cemy si\u0119 pochwali\u0107 mn\u00f3stwem udanych projekt\u00f3w i zachwyconych klient\u00f3w. Naszym najwa\u017cniejszym celem jest stworzenie sp\u00f3jnego i harmonijnego wn\u0119trza, w kt\u00f3rym przyjemnie b\u0119dzie si\u0119 mieszka\u0142o w\u0142a\u015bcicielowi. <\/p>\n<p> Pracowali\u015bmy dla wielu klient\u00f3w, zar\u00f3wno z wsi K\u0119pa Oborska, jak i z ca\u0142ej Polski. Dzi\u0119ki znajomo\u015bci j\u0119zyka angielskiego i niemieckiego, jeste\u015bmy si\u0119 w stanie porozumie\u0107 tak\u017ce z klientami z zagranicy. Architekci wn\u0119trz ze studia W\u0119gielek wsp\u00f3\u0142pracuj\u0105 r\u00f3wnie\u017c z najlepszymi polskimi czasopismami o stylowych wn\u0119trzach. <\/p>\n<p> Ka\u017cdy etap naszej pracy \u2013 od projektu koncepcyjnego, przez techniczny oraz nadz\u00f3r nad realizacj\u0105 \u2013 jest przeprowadzany z profesjonalizmem i dba\u0142o\u015bci\u0105 o ka\u017cdy detal. Dok\u0142adamy wszelkich stara\u0144, aby nasze prace by\u0142y terminowe i wysokiej jako\u015bci. Ka\u017cdy nasz projekt poprzedzamy dok\u0142adnym wywiadem i rozmow\u0105 z Klientem, aby pozna\u0107 i zrozumie\u0107 jego potrzeby. Mo\u017cemy r\u00f3wnie\u017c przygotowa\u0107 wn\u0119trza domu lub mieszkania do sprzeda\u017cy czy wynaj\u0119cia, tak aby prezentowa\u0142y si\u0119 jak najlepiej.<\/p>\n<p> Zapraszamy do kontaktu, ch\u0119tnie wys\u0142uchamy i doradzimy lub um\u00f3wimy si\u0119 na indywidualne konsultacje. Nasza dzia\u0142alno\u015b\u0107 obejmuje g\u0142\u00f3wnie K\u0119pa Oborska, ale jeste\u015bmy w stanie r\u00f3wnie\u017c pracowa\u0107 w ka\u017cdym rejonie kraju.<\/p>\n<h2>Marzysz o niepowtarzalnym i klimatycznym mieszkaniu?<\/h2>\n<p> Architekci z pracowni projektowania wn\u0119trz W\u0119gielek s\u0105 w stanie spe\u0142ni\u0107 to marzenie. Tworzenie pi\u0119knych wn\u0119trz to nasza pasja. Wykonujemy prace zwi\u0105zane z wn\u0119trzami w spos\u00f3b ca\u0142o\u015bciowy \u2013 od projektu do wyko\u0144cze\u0144 i aran\u017cacji. Interesuje nas urz\u0105dzanie najr\u00f3\u017cniejszych lokali \u2013 od niewielkich kawalerek po okaza\u0142e wille czy rezydencje, w okolicach wsi K\u0119pa Oborska. Mo\u017cemy r\u00f3wnie\u017c stworzy\u0107 projekt lub aran\u017cacj\u0119 osobnego pokoju \u2013 na przyk\u0142ad kuchni, \u0142azienki, salonu lub biura. Mo\u017cemy wykona\u0107 tak\u017ce projekt techniczny r\u00f3\u017cnych uk\u0142ad\u00f3w we wn\u0119trzu \u2013 na przyk\u0142ad rozmieszczenia punkt\u00f3w \u015bwietlnych lub grzejnik\u00f3w. <\/p>\n<p> Wn\u0119trza, kt\u00f3re projektujemy s\u0105 unikalne, poniewa\u017c do ka\u017cdego naszego klienta podchodzimy indywidualnie, kieruj\u0105c si\u0119 jego upodobaniami oraz potencja\u0142em przestrzeni. Tworz\u0105c dbamy o to, aby urz\u0105dzone wn\u0119trze by\u0142o zar\u00f3wno efektowne, jak i bardzo praktyczne. Nie sugerujemy si\u0119 kr\u00f3tkotrwa\u0142\u0105 mod\u0105, chcemy, aby nasze dzie\u0142a by\u0142y atrakcyjne pomimo up\u0142ywu czasu. <\/p>\n<p> Mieli\u015bmy przyjemno\u015b\u0107 projektowa\u0107 wn\u0119trza dla wielu niesamowitych miejsc, zar\u00f3wno we wsi K\u0119pa Oborska jak i innych miastach Polski. Efekty naszej pracy mo\u017cna zobaczy\u0107 na stronie projektanta wn\u0119trz: <a href=\"https:\/\/wegielek.com.pl\/\">https:\/\/wegielek.com.pl\/<\/a><\/p>\n<p> Nasze projekty i rozwi\u0105zania s\u0105 w stanie sprawi\u0107, \u017ce ka\u017cde wn\u0119trze stanie si\u0119 miejscem, w kt\u00f3rym b\u0119dzie si\u0119 chcia\u0142o przebywa\u0107. W zale\u017cno\u015bci od potrzeb, mo\u017cemy nada\u0107 wn\u0119trzu wymagany charakter, aby prezentowa\u0142o si\u0119 na przyk\u0142ad jako miejsce rozrywki lub oaza spokoju. Dzi\u0119ki artystycznemu spojrzeniu oraz wiedzy o oddzia\u0142ywaniu kolor\u00f3w i ergonomii, nasze aran\u017cacje \u0142\u0105cz\u0105 w sobie walory estetyczne z u\u017cytkowymi. <\/p>\n<h2> Dlaczego nasze projekty s\u0105 wyj\u0105tkowe?<\/h2>\n<p> Architekci z pracowni projektowania wn\u0119trz W\u0119gielek uko\u0144czyli Akademi\u0119 Sztuk Pi\u0119knych, pracowali przy wielu przedsi\u0119wzi\u0119ciach i chc\u0105 po\u015bwi\u0119ca\u0107 czas, aby jak najlepiej zapozna\u0107 si\u0119 z \u017cyczeniami swoich klient\u00f3w. Projektujemy wn\u0119trza ju\u017c od 2007 roku, kiedy zosta\u0142a za\u0142o\u017cona pracownia.Mo\u017cemy si\u0119 pochwali\u0107 mn\u00f3stwem udanych projekt\u00f3w i zachwyconych klient\u00f3w. Zawsze kierujemy si\u0119 intencj\u0105, aby stworzy\u0107 wn\u0119trze, w kt\u00f3rym efekty wizualne id\u0105 w parze z funkcjonalno\u015bci\u0105 i komfortem korzystania. <\/p>\n<p>Wi\u0119kszo\u015b\u0107 naszych projekt\u00f3w przeprowadzali\u015bmy we wsi K\u0119pa Oborska i okolicach, ale cz\u0119sto zdarza nam si\u0119 dzia\u0142a\u0107 na obszarze ca\u0142ego kraju. Dzi\u0119ki znajomo\u015bci j\u0119zyka angielskiego i niemieckiego, jeste\u015bmy si\u0119 w stanie porozumie\u0107 tak\u017ce z klientami z zagranicy. Dzi\u0119ki pasji i zaanga\u017cowaniu w to, co robimy, cz\u0119sto mamy przyjemno\u015b\u0107 tworzy\u0107 projekty i aran\u017cacje dla znanych magazyn\u00f3w dotycz\u0105cych architektury wn\u0119trz. <\/p>\n<p> Nasze projekty cechuje dok\u0142adno\u015b\u0107 i dba\u0142o\u015b\u0107 o szczeg\u00f3\u0142y. Dok\u0142adamy najwy\u017cszych stara\u0144, aby nasze prace by\u0142y terminowe i wysokiej jako\u015bci. Dzia\u0142ania poprzedzamy wnikliwymi konsultacjami z Klientem, aby jak najlepiej dopasowa\u0107 si\u0119 do jego wizji. Mo\u017cemy r\u00f3wnie\u017c przyszykowa\u0107 wn\u0119trza domu lub mieszkania do sprzeda\u017cy czy wynaj\u0119cia, tak aby prezentowa\u0142y si\u0119 jak najlepiej. Projektant wn\u0119trz K\u0119pa Oborska <a href=\"https:\/\/wegielek.com.pl\/\">https:\/\/wegielek.com.pl\/<\/a><\/p>\n<p> Zapraszamy do kontaktu, ch\u0119tnie wys\u0142uchamy i doradzimy, lub um\u00f3wimy si\u0119 na indywidualne konsultacje. Pracujemy g\u0142\u00f3wnie we wsi K\u0119pa Oborska, ale w indywidualnych przypadkach mo\u017cemy podj\u0105\u0107 si\u0119 pracy na terenie ca\u0142ej Polski.<\/p>\n","protected":false},"excerpt":{"rendered":"<p>Marzysz o wyj\u0105tkowym i klimatycznym mieszkaniu? Architekci z pracowni projektowania wn\u0119trz W\u0119gielek s\u0105 w stanie spe\u0142ni\u0107 to marzenie. Architektura i aran\u017cacja wn\u0119trz s\u0105 tym, co kochamy.<span class=\"excerpt-hellip\"> [\u2026]<\/span><\/p>\n","protected":false},"author":3,"featured_media":0,"comment_status":"closed","ping_status":"open","sticky":false,"template":"","format":"standard","meta":[],"categories":[28],"tags":[],"acf":[],"_links":{"self":[{"href":"https:\/\/wegielek.com.pl\/en\/wp-json\/wp\/v2\/posts\/4177"}],"collection":[{"href":"https:\/\/wegielek.com.pl\/en\/wp-json\/wp\/v2\/posts"}],"about":[{"href":"https:\/\/wegielek.com.pl\/en\/wp-json\/wp\/v2\/types\/post"}],"author":[{"embeddable":true,"href":"https:\/\/wegielek.com.pl\/en\/wp-json\/wp\/v2\/users\/3"}],"replies":[{"embeddable":true,"href":"https:\/\/wegielek.com.pl\/en\/wp-json\/wp\/v2\/comments?post=4177"}],"version-history":[{"count":0,"href":"https:\/\/wegielek.com.pl\/en\/wp-json\/wp\/v2\/posts\/4177\/revisions"}],"wp:attachment":[{"href":"https:\/\/wegielek.com.pl\/en\/wp-json\/wp\/v2\/media?parent=4177"}],"wp:term":[{"taxonomy":"category","embeddable":true,"href":"https:\/\/wegielek.com.pl\/en\/wp-json\/wp\/v2\/categories?post=4177"},{"taxonomy":"post_tag","embeddable":true,"href":"https:\/\/wegielek.com.pl\/en\/wp-json\/wp\/v2\/tags?post=4177"}],"curies":[{"name":"wp","href":"https:\/\/api.w.org\/{rel}","templated":true}]}}